{"id":30954,"date":"2025-08-20T12:31:05","date_gmt":"2025-08-20T15:31:05","guid":{"rendered":"https:\/\/multinoticia.com\/?p=30954"},"modified":"2025-08-20T12:31:06","modified_gmt":"2025-08-20T15:31:06","slug":"nuevos-patrulleros-kicillof-refuerza-la-lucha-contra-la-inseguridad","status":"publish","type":"post","link":"https:\/\/multinoticia.com\/?p=30954","title":{"rendered":"NUEVOS PATRULLEROS: KICILLOF REFUERZA LA LUCHA CONTRA LA INSEGURIDAD"},"content":{"rendered":"\n<p>En el municipio de San Miguel, el gobernador Axel Kicillof present\u00f3 10 motos policiales que se sumar\u00e1n a los operativos de patrullaje para fortalecer la seguridad. Adem\u00e1s, entreg\u00f3 escrituras gratuitas a vecinos del distrito. Lo acompa\u00f1aron los ministros Javier Alonso, Gabriel Katopodis, Juan Mart\u00edn Mena, Andr\u00e9s Larroque y el intendente Jaime M\u00e9ndez.<br><\/p>\n\n\n\n<p>En ese marco, Kicillof afirm\u00f3: \u201cLa idea que sostiene Milei de que el gobierno nacional solo debe ocuparse de las finanzas no le sirve al pueblo bonaerense.\u201d \u201cEn la Provincia estamos convencidos de que la \u00fanica manera de brindar seguridad es sumando los recursos necesarios para invertir en equipamiento, tecnolog\u00eda y capacitaci\u00f3n del personal policial\u201d, sostuvo.<\/p>\n\n\n\n<p>En ese sentido, el Gobernador remarc\u00f3: \u201cHemos pedido muchas reuniones con el Gobierno nacional para abordar este tema, pero nunca nos escucharon: por el contrario, nos quitaron los fondos que se destinaban a la compra de patrulleros en los 135 distritos\u201d. \u201cFrente a esa deserci\u00f3n, creamos un fondo especial con recursos propios que nos permite traer los veh\u00edculos y sumar los agentes que necesita San Miguel para llevar m\u00e1s tranquilidad a los barrios\u201d, agreg\u00f3.<\/p>\n\n\n\n<p>Las nuevas motos fueron adquiridas mediante el Fondo de Fortalecimiento de la Seguridad provincial y reforzar\u00e1n las tareas de la Fuerza Barrial de Aproximaci\u00f3n (FBA) en el distrito. En el acto, tambi\u00e9n estuvieron presentes 52 polic\u00edas egresados que cumplen funciones en esa divisi\u00f3n.<\/p>\n\n\n\n<p>Durante la jornada, se entregaron adem\u00e1s 529 t\u00edtulos de propiedad gratuitos a familias de distintos barrios del distrito, a trav\u00e9s del programa \u201cMi Escritura, Mi Casa\u201d. \u201cEn tiempos donde denostar el rol del Estado es moneda corriente, este programa es posible gracias a una decisi\u00f3n pol\u00edtica que tom\u00f3 el Gobernador y que permiti\u00f3 en tan solo cinco a\u00f1os gestionar m\u00e1s de 150.000 escrituras para los vecinos de la Provincia\u201d, subray\u00f3 Mena.<\/p>\n\n\n\n<p>En tanto, Larroque remarc\u00f3: \u201cEsta entrega de escrituras es un acto de justicia, ya que muchas familias bonaerenses se encuentran con lo que les correspond\u00eda hace mucho tiempo\u201d. \u201cEl Estado provincial est\u00e1 convencido de que su funci\u00f3n es trabajar para llevar bienestar a nuestro pueblo\u201d, manifest\u00f3.&nbsp;<\/p>\n\n\n\n<p>\u201cEs importante que cada familia pueda consolidar el dominio y el derecho que tienen sobre los hogares en los que viven hace d\u00e9cadas: es una tranquilidad que les da certidumbre\u201d, remarc\u00f3 M\u00e9ndez.<\/p>\n\n\n\n<p>Por \u00faltimo, Kicillof sostuvo: \u201cEstas escrituras gratuitas no son un simple papel, son un documento que sirve para cumplir otros sue\u00f1os y para que las familias bonaerenses puedan progresar\u201d. \u201cEso es lo que est\u00e1 en juego el pr\u00f3ximo 7 de septiembre: en una provincia donde necesitamos que los hijos vivan mejor que sus padres, el Estado tiene que estar presente para garantizar ampliar y garantizar los derechos\u201d, concluy\u00f3.<\/p>\n\n\n\n<p>Estuvieron presentes la jefa de Asesores del Gobernador, Cristina \u00c1lvarez Rodr\u00edguez; el subsecretario de H\u00e1bitat de la Comunidad, Rub\u00e9n Pascolini; sus pares de Pol\u00edticas Sociales, Bernarda Meglia; y de Organizaci\u00f3n Comunitaria, Santiago Fidanza; el director provincial de Regularizaci\u00f3n de H\u00e1bitat, Roberto Perito; el concejal Juanjo Castro; los dirigentes, Celeste Ortiz, Jorge Gonz\u00e1lez, Teresa Acevedo y Fernando M\u00e9ndez.<ins><\/ins><\/p>\n","protected":false},"excerpt":{"rendered":"<p>En el municipio de San Miguel, el gobernador Axel Kicillof present\u00f3 10 motos policiales que se sumar\u00e1n a los operativos de patrullaje para fortalecer la seguridad. Adem\u00e1s, entreg\u00f3 escrituras gratuitas a vecinos del distrito. Lo acompa\u00f1aron los ministros Javier Alonso, Gabriel Katopodis, Juan Mart\u00edn Mena, Andr\u00e9s Larroque y el intendente Jaime M\u00e9ndez. En ese marco, [&hellip;]<\/p>\n","protected":false},"author":3,"featured_media":30955,"comment_status":"closed","ping_status":"closed","sticky":false,"template":"","format":"standard","meta":{"tdm_status":"","tdm_grid_status":"","footnotes":""},"categories":[606],"tags":[104,1657,242,287],"class_list":{"0":"post-30954","1":"post","2":"type-post","3":"status-publish","4":"format-standard","5":"has-post-thumbnail","7":"category-policiales-nacionales","8":"tag-axel-kicillof","9":"tag-entrega-de-moviles-policiales","10":"tag-policiales","11":"tag-seguridad"},"aioseo_notices":[],"_links":{"self":[{"href":"https:\/\/multinoticia.com\/index.php?rest_route=\/wp\/v2\/posts\/30954","targetHints":{"allow":["GET"]}}],"collection":[{"href":"https:\/\/multinoticia.com\/index.php?rest_route=\/wp\/v2\/posts"}],"about":[{"href":"https:\/\/multinoticia.com\/index.php?rest_route=\/wp\/v2\/types\/post"}],"author":[{"embeddable":true,"href":"https:\/\/multinoticia.com\/index.php?rest_route=\/wp\/v2\/users\/3"}],"replies":[{"embeddable":true,"href":"https:\/\/multinoticia.com\/index.php?rest_route=%2Fwp%2Fv2%2Fcomments&post=30954"}],"version-history":[{"count":1,"href":"https:\/\/multinoticia.com\/index.php?rest_route=\/wp\/v2\/posts\/30954\/revisions"}],"predecessor-version":[{"id":30956,"href":"https:\/\/multinoticia.com\/index.php?rest_route=\/wp\/v2\/posts\/30954\/revisions\/30956"}],"wp:featuredmedia":[{"embeddable":true,"href":"https:\/\/multinoticia.com\/index.php?rest_route=\/wp\/v2\/media\/30955"}],"wp:attachment":[{"href":"https:\/\/multinoticia.com\/index.php?rest_route=%2Fwp%2Fv2%2Fmedia&parent=30954"}],"wp:term":[{"taxonomy":"category","embeddable":true,"href":"https:\/\/multinoticia.com\/index.php?rest_route=%2Fwp%2Fv2%2Fcategories&post=30954"},{"taxonomy":"post_tag","embeddable":true,"href":"https:\/\/multinoticia.com\/index.php?rest_route=%2Fwp%2Fv2%2Ftags&post=30954"}],"curies":[{"name":"wp","href":"https:\/\/api.w.org\/{rel}","templated":true}]}}