{"id":30741,"date":"2025-03-28T11:09:38","date_gmt":"2025-03-28T14:09:38","guid":{"rendered":"https:\/\/multinoticia.com\/?p=30741"},"modified":"2025-03-31T17:03:58","modified_gmt":"2025-03-31T20:03:58","slug":"crisis-en-el-frente-la-tension-entre-kicillof-y-cristina-alcanza-su-punto-maximo","status":"publish","type":"post","link":"https:\/\/multinoticia.com\/?p=30741","title":{"rendered":"CRISIS EN EL FRENTE: LA TENSI\u00d3N ENTRE KICILLOF Y CRISTINA ALCANZA SU PUNTO M\u00c1XIMO"},"content":{"rendered":"\n<p>El enfrentamiento dej\u00f3 en evidencia la creciente fractura dentro del oficialismo. Mientras el cristinismo defiende la iniciativa como una estrategia para fortalecer el espacio, en la Gobernaci\u00f3n lo interpretan como un ataque directo a la autonom\u00eda de Kicillof. \u201cEsto no es solo una discusi\u00f3n electoral, es una disputa por el poder\u201d, advierten fuentes cercanas al mandatario.<\/p>\n\n\n\n<p><strong>\u201cFue una pu\u00f1alada trapera. Ellos son Judas\u201d<\/strong>. Una definici\u00f3n escueta y una referencia hist\u00f3rica. Una frase cargada de enojo por sentir que la jugada pol\u00edtica fue una&nbsp;<strong>traici\u00f3n.<\/strong>&nbsp;Un pu\u00f1ado de palabras que exponen la herida abierta que carcome la vida del peronismo en tiempos de Milei. De un lado,&nbsp;<strong>Axel Kicillof.<\/strong>&nbsp;Del otro,<strong>&nbsp;Cristina Kirchner<\/strong>.<\/p>\n\n\n\n<p>La afirmaci\u00f3n sali\u00f3 de la boca de uno de los dirigentes m\u00e1s cercanos al Gobernador. La presentaci\u00f3n de un proyecto en el Senado bonaerense para que las&nbsp;<strong>elecciones sean concurrentes<\/strong>, rompi\u00f3 en mil pedazos la negociaci\u00f3n de unidad que se estaba llevando adelante entre los tres socios mayoritarios de&nbsp;<strong>Uni\u00f3n por la Patria (UP).<\/strong><\/p>\n\n\n\n<p><strong>\u201cHicieron estallar los puentes de di\u00e1logo que se hab\u00edan generado\u201d<\/strong>, indicaron en La Plata en referencia al kirchnerismo. El martes la noche, doce horas antes de que se conociera el proyecto ley, representantes del massismo, el camporismo y el kicillofismo&nbsp;<strong>hab\u00edan avanzado sobre el acuerdo de suspender las PASO.<\/strong>&nbsp;Exist\u00eda un clima tenso pero se\u00f1ales de consenso a la distancia.<\/p>\n\n\n\n<p>Por ese motivo en la Legislatura algunos diputados cre\u00edan que ayer pod\u00eda tratarse la suspensi\u00f3n de las PASO sobre tablas y lograr un acuerdo pol\u00edtico de \u00faltimo momento para llegar a los dos tercios de los presentes. La expectativa choc\u00f3 de lleno con la realidad. El env\u00edo del proyecto al Senado deton\u00f3 un conflicto nuevo que dej\u00f3 al peronismo bonaerense en un limbo. La ruptura comenz\u00f3 a ser una hip\u00f3tesis con m\u00e1s argumentos que antes.<\/p>\n\n\n\n<p>El encuentro del martes no pudo borrar el malestar que se gener\u00f3 en el cristinismo despu\u00e9s de la cumbre del \u00faltimo domingo entre el Gobernador, Massa y M\u00e1ximo Kirchner.&nbsp;<strong>All\u00ed Kicillof fue tajante sobre su postura de desdoblar. No dar\u00e1 el brazo a torcer<\/strong>.<\/p>\n\n\n\n<p>La sociedad Kirchner-Massa sigue firme en medio de la tensi\u00f3n que hay en el peronismo<\/p>\n\n\n\n<p>El economista considera que el desdoblamiento le permitir\u00e1 plesbicitar su gesti\u00f3n y evitar que haya demoras y confusiones en el momento de la votaci\u00f3n, debido a que una eventual concurrencia obligar\u00eda a los bonaerenses a votar con dos sistemas electorales el mismo d\u00eda. Quiere provincializar la elecci\u00f3n y cargar contra Milei desde el territorio.<\/p>\n\n\n\n<p><strong>Cristina Kirchner<\/strong>&nbsp;<strong>desea exactamente lo contrario.<\/strong>&nbsp;Entiende que lo que hay que plebiscitar es la gesti\u00f3n del Presidente y que debe mostrar cu\u00e1l fue su impacto en la provincia de Buenos Aires. Adem\u00e1s, insiste con la idea que, frente a un eventual desdoblamiento, el oficialismo nacional va a imponer la inseguridad en el conurbano como el tema central de la campa\u00f1a.<\/p>\n\n\n\n<p>El presidente del bloque de diputados provinciales de UP,&nbsp;<strong>Facundo Tignanelli<\/strong>, plante\u00f3 ayer la postura del cristinismo: \u201cCreemos que las elecciones deben ser concurrentes para enfrentar a las pol\u00edticas de ajuste que est\u00e1 llevando adelante Milei en un mismo d\u00eda. En un d\u00eda enfrentarlo en los municipios, la provincia y la naci\u00f3n, y confrontar modelos\u201d.<\/p>\n\n\n\n<p>El kirchnerismo duro presiona y advierte la necesidad de unificar fuerzas en vez de dividirlas, de mostrar unidad, en vez de divisiones. Pero de fondo hay una disputa por la forma en la que se debe ordenar el dispositivo electoral y por la conducci\u00f3n del peronismo, de la que nadie se puede escapar.&nbsp;<strong>Hay dos batallas. Una por los votos y otra por el poder real.<\/strong><\/p>\n\n\n\n<p>Axel Kicillof resiste la presi\u00f3n del cristinismo y est\u00e1 decidido a desdoblar la elecci\u00f3n bonaerense<\/p>\n\n\n\n<p>En el kicillofismo se quejan de que les quieren imponer las condiciones sobre c\u00f3mo se debe ordenar la elecci\u00f3n. Sienten que CFK, a trav\u00e9s de los dirigentes que le responden, busca marcarles la cancha todo el tiempo y a todo hora. Se rebelan contra esa imposici\u00f3n y construyen, desde hace tiempo, un camino de autonom\u00eda respecto a su figura.<\/p>\n\n\n\n<p><strong>\u201cLa realidad es que, a esta altura, ya no hay un tema electoral en el medio. Axel solo quiere discutirle el liderazgo a Cristina\u201d<\/strong>, dijo un referente del kirchnerismo duro, donde en las \u00faltimas horas pasaron a plantear, con mayor insistencia, que el Gobernador solo le est\u00e1 discutiendo poder a la ex presidenta y que no le interesa negociar un acuerdo que busque generar r\u00e9ditos electorales.<\/p>\n\n\n\n<p>Ese planteo es una realidad a medias que ning\u00fan integrante del Movimiento Derecho al Futuro (MDF) expresar\u00e1 en forma expl\u00edcita, pero que en el subsuelo de esa estructura se acepta hace tiempo.<strong>&nbsp;\u201cQueremos la unidad y trabajamos para eso, pero no nos van a llevar a las patadas\u201d<\/strong>, advirtieron cerca del Gobernador.<\/p>\n\n\n\n<p>Seg\u00fan explican en La Plata, en las reuniones de los \u00faltimos d\u00edas \u2013 en las que participaron representantes de los tres sectores \u2013 hab\u00eda dos temas sobre los que hab\u00eda un acuerdo cerrado:&nbsp;<strong>la suspensi\u00f3n de las PASO y la construcci\u00f3n de una candidatura de unidad<\/strong>. Es decir, constituir una lista \u00fanica a nivel nacional y en las ocho secciones electorales de la provincia. Ese consenso, ahora est\u00e1 en duda, pendiendo de un hilo fino.<\/p>\n\n\n\n<p>Cristina Kirchner quiere la concurrencia de las elecciones de medio t\u00e9rmino<\/p>\n\n\n\n<p>Kicillof quiere la unidad pero con sus condiciones. Siente que tiene el suficiente poder -por el respaldo de los intendentes y su rol como gobernador \u2013 para poder hacer caer sobre la mesa de decisiones sus pretensiones m\u00e1s importantes. Quiere hacer oir su voz. Est\u00e1 forzando un cambio en la din\u00e1mica hist\u00f3rica del kirchnerismo respecto a la toma de decisiones.<\/p>\n\n\n\n<p><strong>\u201cLas PASO se van a caer m\u00e1s temprano que tarde\u201d<\/strong>, sostienen en el kicillofismo. La presi\u00f3n sobre ellos para bajar el desdoblamiento a cambio de suspender las elecciones primarias, parece ya no surtir tanto efecto como antes.<\/p>\n\n\n\n<p>Quiz\u00e1s tenga que ver con que el mi\u00e9rcoles, cuando Teresa Garc\u00eda present\u00f3 el proyecto en el Senado, sintieron que el cristinismo pas\u00f3 un l\u00edmite y que la guerra por el poder est\u00e1 m\u00e1s cerca de llegar. La unidad siempre es la primera opci\u00f3n.<\/p>\n","protected":false},"excerpt":{"rendered":"<p>El enfrentamiento dej\u00f3 en evidencia la creciente fractura dentro del oficialismo. Mientras el cristinismo defiende la iniciativa como una estrategia para fortalecer el espacio, en la Gobernaci\u00f3n lo interpretan como un ataque directo a la autonom\u00eda de Kicillof. \u201cEsto no es solo una discusi\u00f3n electoral, es una disputa por el poder\u201d, advierten fuentes cercanas al [&hellip;]<\/p>\n","protected":false},"author":1,"featured_media":30742,"comment_status":"closed","ping_status":"closed","sticky":false,"template":"","format":"standard","meta":{"tdm_status":"","tdm_grid_status":"","footnotes":""},"categories":[602],"tags":[104,1294,113,1451],"class_list":{"0":"post-30741","1":"post","2":"type-post","3":"status-publish","4":"format-standard","5":"has-post-thumbnail","7":"category-politica-nacional","8":"tag-axel-kicillof","9":"tag-cristina-kirchner","10":"tag-sociedad","11":"tag-tension"},"aioseo_notices":[],"_links":{"self":[{"href":"https:\/\/multinoticia.com\/index.php?rest_route=\/wp\/v2\/posts\/30741","targetHints":{"allow":["GET"]}}],"collection":[{"href":"https:\/\/multinoticia.com\/index.php?rest_route=\/wp\/v2\/posts"}],"about":[{"href":"https:\/\/multinoticia.com\/index.php?rest_route=\/wp\/v2\/types\/post"}],"author":[{"embeddable":true,"href":"https:\/\/multinoticia.com\/index.php?rest_route=\/wp\/v2\/users\/1"}],"replies":[{"embeddable":true,"href":"https:\/\/multinoticia.com\/index.php?rest_route=%2Fwp%2Fv2%2Fcomments&post=30741"}],"version-history":[{"count":1,"href":"https:\/\/multinoticia.com\/index.php?rest_route=\/wp\/v2\/posts\/30741\/revisions"}],"predecessor-version":[{"id":30743,"href":"https:\/\/multinoticia.com\/index.php?rest_route=\/wp\/v2\/posts\/30741\/revisions\/30743"}],"wp:featuredmedia":[{"embeddable":true,"href":"https:\/\/multinoticia.com\/index.php?rest_route=\/wp\/v2\/media\/30742"}],"wp:attachment":[{"href":"https:\/\/multinoticia.com\/index.php?rest_route=%2Fwp%2Fv2%2Fmedia&parent=30741"}],"wp:term":[{"taxonomy":"category","embeddable":true,"href":"https:\/\/multinoticia.com\/index.php?rest_route=%2Fwp%2Fv2%2Fcategories&post=30741"},{"taxonomy":"post_tag","embeddable":true,"href":"https:\/\/multinoticia.com\/index.php?rest_route=%2Fwp%2Fv2%2Ftags&post=30741"}],"curies":[{"name":"wp","href":"https:\/\/api.w.org\/{rel}","templated":true}]}}