{"id":30716,"date":"2025-03-12T10:40:03","date_gmt":"2025-03-12T13:40:03","guid":{"rendered":"https:\/\/multinoticia.com\/?p=30716"},"modified":"2025-03-12T10:40:04","modified_gmt":"2025-03-12T13:40:04","slug":"se-metio-al-rio-parana-a-buscar-una-pelota-y-desaparecio","status":"publish","type":"post","link":"https:\/\/multinoticia.com\/?p=30716","title":{"rendered":"SE METI\u00d3 AL R\u00cdO PARAN\u00c1 A BUSCAR UNA PELOTA Y DESAPARECI\u00d3"},"content":{"rendered":"\n<p>En el balneario Santa Elena, provincia de Entre R\u00edos ,un joven de 21 a\u00f1os se meti\u00f3 en las aguas profundas del R\u00edo Paran\u00e1 para recuperar una pelota y muri\u00f3 ahogado. <\/p>\n\n\n\n<p>Un grupo de turistas jugaba con una pelota dentro del \u00e1rea delimitada por boyas. En determinado momento, la v\u00edctima perdi\u00f3 la pelota y\u00a0cruz\u00f3 la zona habilitada hacia aguas m\u00e1s profundas.\u00a0Al no hacer pie y no saber nadar, comenz\u00f3 a ahogarse.<\/p>\n\n\n\n<p>Un compa\u00f1ero intent\u00f3 ayudarlo, tuvo que soltarlo debido a que la v\u00edctima comenz\u00f3 a arrastrarlo mientras se ahogaba. El joven fue identificado como\u00a0<strong><em>Logan Daniel Videla<\/em>,<\/strong>\u00a0oriundo de La Matanza, provincia de Buenos Aires. En el caso intervinieron agentes de la Comisar\u00eda de Santa Elena, del Departamento La Paz, junto con personal de Prefectura Naval.<\/p>\n\n\n\n<p>Hasta el momento,\u00a0el cuerpo no ha sido encontrado\u00a0y la b\u00fasqueda contin\u00faa hoy, confirmaron las fuentes. Las playas de Santa Elena, ubicadas a 150 kil\u00f3metros de la capital provincial, tienen una extensi\u00f3n de 300 metros.<\/p>\n","protected":false},"excerpt":{"rendered":"<p>En el balneario Santa Elena, provincia de Entre R\u00edos ,un joven de 21 a\u00f1os se meti\u00f3 en las aguas profundas del R\u00edo Paran\u00e1 para recuperar una pelota y muri\u00f3 ahogado. Un grupo de turistas jugaba con una pelota dentro del \u00e1rea delimitada por boyas. En determinado momento, la v\u00edctima perdi\u00f3 la pelota y\u00a0cruz\u00f3 la zona [&hellip;]<\/p>\n","protected":false},"author":1,"featured_media":30717,"comment_status":"closed","ping_status":"closed","sticky":false,"template":"","format":"standard","meta":{"tdm_status":"","tdm_grid_status":"","footnotes":""},"categories":[606],"tags":[1546,1547,1545],"class_list":{"0":"post-30716","1":"post","2":"type-post","3":"status-publish","4":"format-standard","5":"has-post-thumbnail","7":"category-policiales-nacionales","8":"tag-entre-rios","9":"tag-joven-desaparecido","10":"tag-rio-parana"},"aioseo_notices":[],"_links":{"self":[{"href":"https:\/\/multinoticia.com\/index.php?rest_route=\/wp\/v2\/posts\/30716","targetHints":{"allow":["GET"]}}],"collection":[{"href":"https:\/\/multinoticia.com\/index.php?rest_route=\/wp\/v2\/posts"}],"about":[{"href":"https:\/\/multinoticia.com\/index.php?rest_route=\/wp\/v2\/types\/post"}],"author":[{"embeddable":true,"href":"https:\/\/multinoticia.com\/index.php?rest_route=\/wp\/v2\/users\/1"}],"replies":[{"embeddable":true,"href":"https:\/\/multinoticia.com\/index.php?rest_route=%2Fwp%2Fv2%2Fcomments&post=30716"}],"version-history":[{"count":1,"href":"https:\/\/multinoticia.com\/index.php?rest_route=\/wp\/v2\/posts\/30716\/revisions"}],"predecessor-version":[{"id":30718,"href":"https:\/\/multinoticia.com\/index.php?rest_route=\/wp\/v2\/posts\/30716\/revisions\/30718"}],"wp:featuredmedia":[{"embeddable":true,"href":"https:\/\/multinoticia.com\/index.php?rest_route=\/wp\/v2\/media\/30717"}],"wp:attachment":[{"href":"https:\/\/multinoticia.com\/index.php?rest_route=%2Fwp%2Fv2%2Fmedia&parent=30716"}],"wp:term":[{"taxonomy":"category","embeddable":true,"href":"https:\/\/multinoticia.com\/index.php?rest_route=%2Fwp%2Fv2%2Fcategories&post=30716"},{"taxonomy":"post_tag","embeddable":true,"href":"https:\/\/multinoticia.com\/index.php?rest_route=%2Fwp%2Fv2%2Ftags&post=30716"}],"curies":[{"name":"wp","href":"https:\/\/api.w.org\/{rel}","templated":true}]}}