{"id":30610,"date":"2025-01-23T09:50:44","date_gmt":"2025-01-23T12:50:44","guid":{"rendered":"https:\/\/multinoticia.com\/?p=30610"},"modified":"2025-01-23T09:50:45","modified_gmt":"2025-01-23T12:50:45","slug":"imprudencia-al-volante-en-rosario","status":"publish","type":"post","link":"https:\/\/multinoticia.com\/?p=30610","title":{"rendered":"IMPRUDENCIA AL VOLANTE EN ROSARIO"},"content":{"rendered":"\n<p>Un\u00a0<strong>joven atropell\u00f3 a una familia de C\u00f3rdoba que estaba de paseo en Rosario<\/strong>\u00a0y esperaba para cruzar en un sem\u00e1foro. El siniestro vial ocurri\u00f3 anteanoche, minutos despu\u00e9s de las 21, en Wheelright y Presidente Roca, a la salida del t\u00fanel Arturo Illia, en la costanera central de la ciudad.\u00a0<strong>Tania Gandolfi, de 41 a\u00f1os; y Agustina, de 16, murieron y la hija m\u00e1s peque\u00f1a, de seis a\u00f1os, debi\u00f3 ser internada\u00a0<\/strong>en el hospital de Ni\u00f1os V\u00edctor J. Vilela. La tragedia la provoc\u00f3\u00a0<strong>un automovilista que circulaba a alta velocidad, perdi\u00f3 el control y se incrust\u00f3 en el sem\u00e1foro<\/strong>. Se investiga si corr\u00eda una picada. Mientras el conductor fue trasladado al HECA, y ser\u00e1 imputado apenas le den el alta, su acompa\u00f1ante fue internada en el sanatorio Delta.\u00a0<strong>El Peugeot 206 que conduc\u00eda Agust\u00edn circulaba a 120 kil\u00f3metros por hora<\/strong>. Fiscal\u00eda investiga el hecho como un &#8220;homicidio simple con dolo eventual agravado&#8221;.<\/p>\n\n\n\n<p>La hija menor del matrimonio cordob\u00e9s result\u00f3 lesionada y se recupera en el Hospital de Ni\u00f1os V\u00edctor J. Vilela, acompa\u00f1ada por el pap\u00e1 &#8211;el \u00fanico que result\u00f3 ileso f\u00edsicamente&#8211;, quien lleg\u00f3 a apartarla. Seg\u00fan cont\u00f3 a Canal 3 Federico, que estaba a unos 40 metros de esa esquina y se acerc\u00f3 luego el impacto, el hombre le recrimin\u00f3 al automovilista: &#8220;Me dejaste sin hija&#8230;&#8221;. &#8220;Estaba desconsolado&#8221;, asegur\u00f3 el muchacho.<\/p>\n\n\n\n<p><strong>El conductor est\u00e1 internado en condici\u00f3n de detenido, con custodia policial<\/strong>. Una vez que reciba el alta m\u00e9dica ser\u00e1 llevado a audiencia imputativa, la semana que viene. Al mismo tiempo, el Ministerio P\u00fablico de la Acusaci\u00f3n&nbsp;<strong>busca determinar si se trat\u00f3 de una conducci\u00f3n temeraria o una prueba de velocidad (picada) con una moto<\/strong>.<\/p>\n\n\n\n<p>En las primeras horas de ayer, funcionarios municipales confirmaron que el veh\u00edculo&nbsp;<strong>iba a 120 kil\u00f3metros por hora<\/strong>&nbsp;a la salida del t\u00fanel Illia, donde<strong>&nbsp;el m\u00e1ximo permitido es de 60 k\/h<\/strong>. As\u00ed qued\u00f3 registrado por una c\u00e1mara de fotomultas.<\/p>\n\n\n\n<p>Adem\u00e1s, el secretario de Gobierno municipal, Sebasti\u00e1n Chale, se\u00f1al\u00f3 que el automovilista es oriundo de Villa Gobernador G\u00e1lvez, y que tiene varias infracciones de tr\u00e1nsito en Rosario.<\/p>\n\n\n\n<p>El secretario de Control y Convivencia de Rosario, Diego Herrera, detall\u00f3 que<strong>&nbsp;en 2023 la justicia de Faltas Municipal &#8220;inhabilit\u00f3 ese carnet por una alcoholemia positiva de 0.93, por un mes<\/strong>&#8220;, sanci\u00f3n m\u00e1xima correspondiente al resultado del examen.<\/p>\n\n\n\n<p>La investigaci\u00f3n qued\u00f3 a cargo de la fiscal Mariana Prunotto &#8220;enmarcada como&nbsp;<strong>homicidio simple con dolo eventual agravado por la pluralidad de v\u00edctimas y una velocidad de ruta, en ejido urbano<\/strong>&#8220;, indicaron desde Fiscal\u00eda.<\/p>\n\n\n\n<p>En tanto, &#8220;hay tareas investigativas para determinar si el conductor ven\u00eda realizando conducci\u00f3n temeraria o prueba de velocidad solo o con otro veh\u00edculo&#8221;, ya que en las c\u00e1maras se puede ver una moto que pas\u00f3 a gran velocidad, pero &#8220;no est\u00e1 determinado si realizaban una prueba de velocidad en conjunto o si esta persona ven\u00eda haciendo una conducci\u00f3n imprudente por s\u00ed solo. Es lo que se est\u00e1 investigando&#8221;, dijeron. Tambi\u00e9n se le tomaron muestras de sangre para ex\u00e1menes.<\/p>\n\n\n\n<p><strong>La calificaci\u00f3n de homicidio simple con dolo eventual es &#8220;una pol\u00edtica que tiene la Agencia de Siniestralidad Vial de la Fiscal\u00eda de Rosario<\/strong>, que ya se ha aplicado en otros casos con similares caracter\u00edsticas&#8221;, recordaron desde el MPA, que orden\u00f3 medidas y est\u00e1 reuniendo el material probatorio.<\/p>\n\n\n\n<p>Tambi\u00e9n cuentan con los datos de las c\u00e1maras y sistemas de videocontrol, que permitieron a las autoridades revisar el itinerario previo del conductor del Peugeot 206. A las 20.12 la c\u00e1mara ubicada en Ayacucho y Arij\u00f3n, en zona sur, identifica al veh\u00edculo que se dirig\u00eda hacia el norte, sin anormalidades ni una moto cerca. A las 21.03 lo detectaron en Rioja y Belgrano, desde el ingreso a la ciudad hacia el norte. Instantes despu\u00e9s lo capta otra c\u00e1mara en Belgrano y la calle Ra\u00fal Dom\u00ednguez, en cercan\u00edas de la estaci\u00f3n Fluvial. A las 21.04, el domo ubicado frente al Monumento Nacional a la Bandera tambi\u00e9n registr\u00f3 su paso sin elementos que hayan llamado la atenci\u00f3n.<\/p>\n\n\n\n<p>Un minuto despu\u00e9s, seg\u00fan el relato de testigos, apareci\u00f3 una moto en la zona del edificio de la ex Aduana, sobre Belgrano y Sargento Cabral. Una de las hip\u00f3tesis es que una discusi\u00f3n, provocaci\u00f3n o incidente pudo haber ocasionado la carrera a alta velocidad.<\/p>\n\n\n\n<p>En estos segundos estar\u00e1 el foco de la investigaci\u00f3n. La c\u00e1mara de ingreso al t\u00fanel Arturo Illia (Belgrano y Sarmiento) detecta a los dos m\u00f3viles, que est\u00e1n tomando velocidad. En estas im\u00e1genes se ve a la moto adelante (de tama\u00f1o mediano con una sola persona a bordo) que se pone por delante del Peugeot 206 y \u00e9ste luego realiza maniobras temerarias.<\/p>\n\n\n\n<p>Luego el sistema LPR que indica la velocidad y patente del auto y la moto, lo que se conoce como t\u00f3tems, emite y registra dos fotos de las im\u00e1genes que capt\u00f3. All\u00ed se registr\u00f3 la circulaci\u00f3n a 120 kil\u00f3metros por hora y los dominios de ambos veh\u00edculos.<\/p>\n\n\n\n<p>A las 21.07 el sem\u00e1foro de Illia (del otro lado se denomina a esta calle Wheelwright) y Presidente Roca se pone en intermitente.&nbsp;<strong>El sistema reporta irregularidades por la feroz colisi\u00f3n del auto contra el poste lum\u00ednico.<\/strong><\/p>\n\n\n\n<p>Mientras se analizan esta pruebas, la Fiscal\u00eda solicit\u00f3 la colaboraci\u00f3n de personas que puedan aportar datos sobre la mec\u00e1nica del hecho.&nbsp;<\/p>\n","protected":false},"excerpt":{"rendered":"<p>Un\u00a0joven atropell\u00f3 a una familia de C\u00f3rdoba que estaba de paseo en Rosario\u00a0y esperaba para cruzar en un sem\u00e1foro. El siniestro vial ocurri\u00f3 anteanoche, minutos despu\u00e9s de las 21, en Wheelright y Presidente Roca, a la salida del t\u00fanel Arturo Illia, en la costanera central de la ciudad.\u00a0Tania Gandolfi, de 41 a\u00f1os; y Agustina, de [&hellip;]<\/p>\n","protected":false},"author":3,"featured_media":30611,"comment_status":"closed","ping_status":"closed","sticky":false,"template":"","format":"standard","meta":{"tdm_status":"","tdm_grid_status":"","footnotes":""},"categories":[606],"tags":[1472,1054],"class_list":{"0":"post-30610","1":"post","2":"type-post","3":"status-publish","4":"format-standard","5":"has-post-thumbnail","7":"category-policiales-nacionales","8":"tag-imprudencia","9":"tag-rosario"},"aioseo_notices":[],"_links":{"self":[{"href":"https:\/\/multinoticia.com\/index.php?rest_route=\/wp\/v2\/posts\/30610","targetHints":{"allow":["GET"]}}],"collection":[{"href":"https:\/\/multinoticia.com\/index.php?rest_route=\/wp\/v2\/posts"}],"about":[{"href":"https:\/\/multinoticia.com\/index.php?rest_route=\/wp\/v2\/types\/post"}],"author":[{"embeddable":true,"href":"https:\/\/multinoticia.com\/index.php?rest_route=\/wp\/v2\/users\/3"}],"replies":[{"embeddable":true,"href":"https:\/\/multinoticia.com\/index.php?rest_route=%2Fwp%2Fv2%2Fcomments&post=30610"}],"version-history":[{"count":1,"href":"https:\/\/multinoticia.com\/index.php?rest_route=\/wp\/v2\/posts\/30610\/revisions"}],"predecessor-version":[{"id":30612,"href":"https:\/\/multinoticia.com\/index.php?rest_route=\/wp\/v2\/posts\/30610\/revisions\/30612"}],"wp:featuredmedia":[{"embeddable":true,"href":"https:\/\/multinoticia.com\/index.php?rest_route=\/wp\/v2\/media\/30611"}],"wp:attachment":[{"href":"https:\/\/multinoticia.com\/index.php?rest_route=%2Fwp%2Fv2%2Fmedia&parent=30610"}],"wp:term":[{"taxonomy":"category","embeddable":true,"href":"https:\/\/multinoticia.com\/index.php?rest_route=%2Fwp%2Fv2%2Fcategories&post=30610"},{"taxonomy":"post_tag","embeddable":true,"href":"https:\/\/multinoticia.com\/index.php?rest_route=%2Fwp%2Fv2%2Ftags&post=30610"}],"curies":[{"name":"wp","href":"https:\/\/api.w.org\/{rel}","templated":true}]}}