{"id":30486,"date":"2024-11-27T09:19:14","date_gmt":"2024-11-27T12:19:14","guid":{"rendered":"https:\/\/multinoticia.com\/?p=30486"},"modified":"2024-11-27T09:19:15","modified_gmt":"2024-11-27T12:19:15","slug":"detienen-a-un-camionero-por-la-desaparicion-de-maria-cash","status":"publish","type":"post","link":"https:\/\/multinoticia.com\/?p=30486","title":{"rendered":"DETIENEN A UN CAMIONERO POR LA DESAPARICI\u00d3N DE MAR\u00cdA CASH"},"content":{"rendered":"\n<p>Un camionero que tuvo contacto con&nbsp;<strong>Mar\u00eda Cash<\/strong>&nbsp;el 8 de julio de 2011, H\u00e9ctor Romero fue detenido esta tarde en la zona norte de la ciudad de Salta por orden de la juez federal Garant\u00edas&nbsp;<strong>Mariela Gium\u00e9nez<\/strong>. El hombre incurri\u00f3 en una serie de contradicciones cuando tuvo que declarar en relaci\u00f3n a la desaparici\u00f3n de la joven.&nbsp;<\/p>\n\n\n\n<p>Romero, de 71 a\u00f1os, es oriundo de la ciudad de General G\u00fcemes. Se convirti\u00f3 hoy en el&nbsp;<strong>primero sospechoso directo de la desaparici\u00f3n de Mar\u00eda Cash<\/strong>, el 8 de julio de 2011, en la ruta nacional 34 a la altura de la zona del paraje Palomitas, luego de un viaje iniciado cuatro d\u00edas antes desde la terminal de \u00f3mnibus de Retiro, en Buenos Aires.<\/p>\n\n\n\n<p>La detenci\u00f3n fue ordenada pasado el mediod\u00eda por la jueza federal Mariela Gim\u00e9nez, en virtud de un dictamen presentado por el fiscal general&nbsp;<strong>Eduardo Villalba<\/strong>, quien present\u00f3&nbsp;<strong>una serie de indicios que no s\u00f3lo ponen en duda la versi\u00f3n que dio Romero sobre su encuentro con Cash, sino que lo colocan como principal sospechoso de su desaparici\u00f3n<\/strong>.<\/p>\n\n\n\n<p>En funci\u00f3n de ello, la jueza dispuso la detenci\u00f3n de Romero en el marco de ser pasible del delito de homicidio calificado, hecho por el cual se prev\u00e9 su indagatoria ma\u00f1ana a las 11.30. En funci\u00f3n de ello fue detenido por personal del Escuadr\u00f3n 45 de Gendarmer\u00eda Nacional e investigadores del Cuerpo de Investigaciones Fiscales, dependiente del Ministerio P\u00fablico Fiscal de la provincia.&nbsp;<\/p>\n\n\n\n<p>Romero fue detenido en la casa de una hija en el barrio Pereyra Rozas, alrededor de las 15 horas. La fiscal\u00eda federal indic\u00f3 que al presentarse, los gendarmes advirtieron una actitud vencida en el camionero, quien, en principio, crey\u00f3 que la presencia de los uniformados solo era para una notificaci\u00f3n judicial, dado que en las \u00faltimas semanas varios testigos del caso volvieron a ser citados.<\/p>\n\n\n\n<p>Una vez le\u00eda la orden de captura, Romero no dijo nada y fue trasladado a la sede de la Delegaci\u00f3n Salta de la Polic\u00eda Federal, en calidad de incomunicado.<\/p>\n","protected":false},"excerpt":{"rendered":"<p>Un camionero que tuvo contacto con&nbsp;Mar\u00eda Cash&nbsp;el 8 de julio de 2011, H\u00e9ctor Romero fue detenido esta tarde en la zona norte de la ciudad de Salta por orden de la juez federal Garant\u00edas&nbsp;Mariela Gium\u00e9nez. El hombre incurri\u00f3 en una serie de contradicciones cuando tuvo que declarar en relaci\u00f3n a la desaparici\u00f3n de la joven.&nbsp; [&hellip;]<\/p>\n","protected":false},"author":3,"featured_media":30487,"comment_status":"closed","ping_status":"closed","sticky":false,"template":"","format":"standard","meta":{"tdm_status":"","tdm_grid_status":"","footnotes":""},"categories":[606],"tags":[1398,1142,1399,1397],"class_list":{"0":"post-30486","1":"post","2":"type-post","3":"status-publish","4":"format-standard","5":"has-post-thumbnail","7":"category-policiales-nacionales","8":"tag-camionero","9":"tag-detencion-2","10":"tag-hector-romero","11":"tag-maria-cash"},"aioseo_notices":[],"_links":{"self":[{"href":"https:\/\/multinoticia.com\/index.php?rest_route=\/wp\/v2\/posts\/30486","targetHints":{"allow":["GET"]}}],"collection":[{"href":"https:\/\/multinoticia.com\/index.php?rest_route=\/wp\/v2\/posts"}],"about":[{"href":"https:\/\/multinoticia.com\/index.php?rest_route=\/wp\/v2\/types\/post"}],"author":[{"embeddable":true,"href":"https:\/\/multinoticia.com\/index.php?rest_route=\/wp\/v2\/users\/3"}],"replies":[{"embeddable":true,"href":"https:\/\/multinoticia.com\/index.php?rest_route=%2Fwp%2Fv2%2Fcomments&post=30486"}],"version-history":[{"count":1,"href":"https:\/\/multinoticia.com\/index.php?rest_route=\/wp\/v2\/posts\/30486\/revisions"}],"predecessor-version":[{"id":30488,"href":"https:\/\/multinoticia.com\/index.php?rest_route=\/wp\/v2\/posts\/30486\/revisions\/30488"}],"wp:featuredmedia":[{"embeddable":true,"href":"https:\/\/multinoticia.com\/index.php?rest_route=\/wp\/v2\/media\/30487"}],"wp:attachment":[{"href":"https:\/\/multinoticia.com\/index.php?rest_route=%2Fwp%2Fv2%2Fmedia&parent=30486"}],"wp:term":[{"taxonomy":"category","embeddable":true,"href":"https:\/\/multinoticia.com\/index.php?rest_route=%2Fwp%2Fv2%2Fcategories&post=30486"},{"taxonomy":"post_tag","embeddable":true,"href":"https:\/\/multinoticia.com\/index.php?rest_route=%2Fwp%2Fv2%2Ftags&post=30486"}],"curies":[{"name":"wp","href":"https:\/\/api.w.org\/{rel}","templated":true}]}}