{"id":30301,"date":"2024-09-03T10:11:16","date_gmt":"2024-09-03T13:11:16","guid":{"rendered":"https:\/\/multinoticia.com\/?p=30301"},"modified":"2024-09-03T10:11:16","modified_gmt":"2024-09-03T13:11:16","slug":"reunion-estrategica-de-kicillof-con-industriales-en-ituzaingo","status":"publish","type":"post","link":"https:\/\/multinoticia.com\/?p=30301","title":{"rendered":"REUNI\u00d3N ESTRAT\u00c9GICA DE KICILLOF CON INDUSTRIALES EN ITUZAING\u00d3"},"content":{"rendered":"\n<p>Durante la conmemoraci\u00f3n del D\u00eda de la Industria, el gobernador de Buenos Aires, Axel Kicillof, realiz\u00f3 ayer una visita al partido de Ituzaing\u00f3 para dar a conocer el proyecto del R\u00e9gimen Provincial de Inversiones Estrat\u00e9gicas. En su discurso, Kicillof destac\u00f3 que esta iniciativa se contrapone al RIGI promovido por el Gobierno nacional, subrayando las diferencias en las pol\u00edticas econ\u00f3micas y de inversi\u00f3n entre la provincia y la naci\u00f3n.<\/p>\n\n\n\n<p>Desde la Provincia advirtieron que el R\u00e9gimen servir\u00e1 para generar empleos de calidad y generar m\u00e1s valor agregado; desarrollar a proveedores locales; facilitar la transferencia de tecnolog\u00eda; impulsar las exportaciones y sustituir las importaciones; y reducir desequilibrios territoriales.&nbsp;<\/p>\n\n\n\n<p>El mandatorio provincial expres\u00f3:<em>&nbsp;\u201cNo podemos aceptar que la \u00fanica forma de recibir inversiones sea la de primarizar, rifar los recursos naturales y no agregar valor. Por el contrario, este es un proyecto de desarrollo econ\u00f3mico e industrial\u201d.<\/em><\/p>\n\n\n\n<p>En ese sentido, Kicillof manifest\u00f3 que&nbsp;<em>\u201cel proyecto reconoce y acompa\u00f1a a quienes inviertan para generar m\u00e1s valor agregado y trabajo, e impulsen el desarrollo de proveedores locales y las exportaciones\u201d.<\/em><\/p>\n\n\n\n<p>Adem\u00e1s resalt\u00f3 que el compromiso de la Provincia es&nbsp;<em>\u00abluchar contra las pol\u00edticas de desindustrializaci\u00f3n\u00bb<\/em>&nbsp;y plantear<em>&nbsp;\u00abun futuro con m\u00e1s y mejor industria para la provincia de Buenos Aires y la Argentina\u201d<\/em>, explic\u00f3.<\/p>\n\n\n\n<p>En el&nbsp;<a href=\"https:\/\/www.gba.gob.ar\/comunicacion_publica\/gacetillas\/kicillof_present%C3%B3_el_proyecto_del_r%C3%A9gimen_provincial_de_inversiones\">evento&nbsp;<\/a>acompa\u00f1aron el ministro de Producci\u00f3n, Ciencia e Innovaci\u00f3n Tecnol\u00f3gica, Augusto Costa la vicegobernadora Ver\u00f3nica Magario; el intendente local, Pablo Descalzo; los ministros de Trabajo, Walter Correa; de Gobierno, Carlos Bianco; de Infraestructura y Servicios P\u00fablicos, Gabriel Katopodis; y de Desarrollo Agrario, Javier Rodr\u00edguez; el presidente del Banco Provincia, Juan Cuattromo; y el director ejecutivo de ARBA, Cristian Girard.<\/p>\n","protected":false},"excerpt":{"rendered":"<p>Durante la conmemoraci\u00f3n del D\u00eda de la Industria, el gobernador de Buenos Aires, Axel Kicillof, realiz\u00f3 ayer una visita al partido de Ituzaing\u00f3 para dar a conocer el proyecto del R\u00e9gimen Provincial de Inversiones Estrat\u00e9gicas. En su discurso, Kicillof destac\u00f3 que esta iniciativa se contrapone al RIGI promovido por el Gobierno nacional, subrayando las diferencias [&hellip;]<\/p>\n","protected":false},"author":3,"featured_media":30302,"comment_status":"closed","ping_status":"closed","sticky":false,"template":"","format":"standard","meta":{"tdm_status":"","tdm_grid_status":"","footnotes":""},"categories":[602],"tags":[104,1291,205,1206,1290,113],"class_list":{"0":"post-30301","1":"post","2":"type-post","3":"status-publish","4":"format-standard","5":"has-post-thumbnail","7":"category-politica-nacional","8":"tag-axel-kicillof","9":"tag-dia-de-la-industria","10":"tag-ituzaingo","11":"tag-kicillof","12":"tag-proyecto-del-regimen-provincial-de-inversiones-estrategicas","13":"tag-sociedad"},"aioseo_notices":[],"_links":{"self":[{"href":"https:\/\/multinoticia.com\/index.php?rest_route=\/wp\/v2\/posts\/30301","targetHints":{"allow":["GET"]}}],"collection":[{"href":"https:\/\/multinoticia.com\/index.php?rest_route=\/wp\/v2\/posts"}],"about":[{"href":"https:\/\/multinoticia.com\/index.php?rest_route=\/wp\/v2\/types\/post"}],"author":[{"embeddable":true,"href":"https:\/\/multinoticia.com\/index.php?rest_route=\/wp\/v2\/users\/3"}],"replies":[{"embeddable":true,"href":"https:\/\/multinoticia.com\/index.php?rest_route=%2Fwp%2Fv2%2Fcomments&post=30301"}],"version-history":[{"count":1,"href":"https:\/\/multinoticia.com\/index.php?rest_route=\/wp\/v2\/posts\/30301\/revisions"}],"predecessor-version":[{"id":30303,"href":"https:\/\/multinoticia.com\/index.php?rest_route=\/wp\/v2\/posts\/30301\/revisions\/30303"}],"wp:featuredmedia":[{"embeddable":true,"href":"https:\/\/multinoticia.com\/index.php?rest_route=\/wp\/v2\/media\/30302"}],"wp:attachment":[{"href":"https:\/\/multinoticia.com\/index.php?rest_route=%2Fwp%2Fv2%2Fmedia&parent=30301"}],"wp:term":[{"taxonomy":"category","embeddable":true,"href":"https:\/\/multinoticia.com\/index.php?rest_route=%2Fwp%2Fv2%2Fcategories&post=30301"},{"taxonomy":"post_tag","embeddable":true,"href":"https:\/\/multinoticia.com\/index.php?rest_route=%2Fwp%2Fv2%2Ftags&post=30301"}],"curies":[{"name":"wp","href":"https:\/\/api.w.org\/{rel}","templated":true}]}}