{"id":30256,"date":"2024-08-13T09:11:22","date_gmt":"2024-08-13T12:11:22","guid":{"rendered":"https:\/\/multinoticia.com\/?p=30256"},"modified":"2024-08-13T09:11:23","modified_gmt":"2024-08-13T12:11:23","slug":"se-inauguro-la-av-argentina-en-moreno","status":"publish","type":"post","link":"https:\/\/multinoticia.com\/?p=30256","title":{"rendered":"SE INAUGUR\u00d3 LA AV. ARGENTINA EN MORENO"},"content":{"rendered":"\n<p><strong>En la obra se realizaron reparaciones hidr\u00e1ulicas, la instalaci\u00f3n de luminarias LED, reductores de velocidad en los cruces de las calles Diario La Naci\u00f3n, en Francisco \u00c1lvarez y Benito Ju\u00e1rez.<\/strong><em><br><br><\/em>El ministro de Infraestructura y Servicios P\u00fablicos de la Provincia de Buenos Aires, Gabriel Katopodis junto a la intendenta de Moreno, Mariel Fern\u00e1ndez inaugur\u00f3 la obra de pavimentaci\u00f3n de la Avenida Argentinidad, que cuenta con 8.3 kil\u00f3metros y conecta Moreno Sur, La Reja y Francisco \u00c1lvarez.<\/p>\n\n\n\n<p><em>\u201cEs un d\u00eda feliz para m\u00ed y para esta hermosa comunidad. Esta avenida necesitaba una gran inversi\u00f3n y el Municipio destin\u00f3 380 millones de pesos para poder finalizarla\u201d<\/em>, afirm\u00f3 Fern\u00e1ndez. Al mismo tiempo destac\u00f3 que&nbsp;<em>\u201cLa recaudaci\u00f3n bien invertida hace posible que realicemos estas obras. Felicitaciones vecinas y vecinos porque lo hicimos con nuestra recaudaci\u00f3n\u201d.<\/em><\/p>\n\n\n\n<p>Por su parte, Katopodis, expres\u00f3:<em>&nbsp;\u201cTienen una intendenta que vale oro por la entrega, la vocaci\u00f3n, la humildad y la dedicaci\u00f3n, porque pelea por Moreno todos los d\u00edas, cuidando y defendiendo a sus vecinos, y saber eso es importante en este tiempo, en donde desde el Gobierno Nacional hay agresi\u00f3n y decisiones que nos golpean duro todos los d\u00edas\u201d.<\/em><\/p>\n","protected":false},"excerpt":{"rendered":"<p>En la obra se realizaron reparaciones hidr\u00e1ulicas, la instalaci\u00f3n de luminarias LED, reductores de velocidad en los cruces de las calles Diario La Naci\u00f3n, en Francisco \u00c1lvarez y Benito Ju\u00e1rez. El ministro de Infraestructura y Servicios P\u00fablicos de la Provincia de Buenos Aires, Gabriel Katopodis junto a la intendenta de Moreno, Mariel Fern\u00e1ndez inaugur\u00f3 la [&hellip;]<\/p>\n","protected":false},"author":3,"featured_media":30257,"comment_status":"closed","ping_status":"closed","sticky":false,"template":"","format":"standard","meta":{"tdm_status":"","tdm_grid_status":"","footnotes":""},"categories":[604],"tags":[1261,1237,427],"class_list":{"0":"post-30256","1":"post","2":"type-post","3":"status-publish","4":"format-standard","5":"has-post-thumbnail","7":"category-sociedad-nacionales","8":"tag-av-argentina","9":"tag-inauguracion-2","10":"tag-moreno"},"aioseo_notices":[],"_links":{"self":[{"href":"https:\/\/multinoticia.com\/index.php?rest_route=\/wp\/v2\/posts\/30256","targetHints":{"allow":["GET"]}}],"collection":[{"href":"https:\/\/multinoticia.com\/index.php?rest_route=\/wp\/v2\/posts"}],"about":[{"href":"https:\/\/multinoticia.com\/index.php?rest_route=\/wp\/v2\/types\/post"}],"author":[{"embeddable":true,"href":"https:\/\/multinoticia.com\/index.php?rest_route=\/wp\/v2\/users\/3"}],"replies":[{"embeddable":true,"href":"https:\/\/multinoticia.com\/index.php?rest_route=%2Fwp%2Fv2%2Fcomments&post=30256"}],"version-history":[{"count":1,"href":"https:\/\/multinoticia.com\/index.php?rest_route=\/wp\/v2\/posts\/30256\/revisions"}],"predecessor-version":[{"id":30258,"href":"https:\/\/multinoticia.com\/index.php?rest_route=\/wp\/v2\/posts\/30256\/revisions\/30258"}],"wp:featuredmedia":[{"embeddable":true,"href":"https:\/\/multinoticia.com\/index.php?rest_route=\/wp\/v2\/media\/30257"}],"wp:attachment":[{"href":"https:\/\/multinoticia.com\/index.php?rest_route=%2Fwp%2Fv2%2Fmedia&parent=30256"}],"wp:term":[{"taxonomy":"category","embeddable":true,"href":"https:\/\/multinoticia.com\/index.php?rest_route=%2Fwp%2Fv2%2Fcategories&post=30256"},{"taxonomy":"post_tag","embeddable":true,"href":"https:\/\/multinoticia.com\/index.php?rest_route=%2Fwp%2Fv2%2Ftags&post=30256"}],"curies":[{"name":"wp","href":"https:\/\/api.w.org\/{rel}","templated":true}]}}