{"id":30221,"date":"2024-07-29T09:27:44","date_gmt":"2024-07-29T12:27:44","guid":{"rendered":"https:\/\/multinoticia.com\/?p=30221"},"modified":"2024-07-29T09:27:48","modified_gmt":"2024-07-29T12:27:48","slug":"la-intendenta-de-moreno-inaugura-obras","status":"publish","type":"post","link":"https:\/\/multinoticia.com\/?p=30221","title":{"rendered":"LA INTENDENTA DE MORENO INAUGURA OBRAS"},"content":{"rendered":"\n<p>Mariel Fern\u00e1ndez intendenta de Moreno junto a vecinas y vecinos de la zona, inaugur\u00f3 las nuevas obras realizadas en la localidad de Moreno Sur.<\/p>\n\n\n\n<p>All\u00ed se asfaltaron 27 cuadras: \u00c1lvarez Tomas desde Juli\u00e1n \u00c1lvarez hasta San Nicol\u00e1s; San Nicol\u00e1s desde \u00c1lvarez Tomas hasta Beethoven; Santa Mar\u00eda de Oro desde Padre Fahy hasta San Carlos; Las Piedras entre Padre Fahy y San Nicol\u00e1s; Beethoven entre San Cayetano y San Nicol\u00e1s; San Cayetano entre Santa Mar\u00eda de Oro y Beethoven. Donde adem\u00e1s se llev\u00f3 adelante la instalaci\u00f3n de luminarias LED.<\/p>\n\n\n\n<p>\u00abLa cantidad de cosas que se hacen en Moreno no ser\u00edan posibles si no se apoyaran en sus vecinas y vecinos, si no nos apoyamos en la comunidad, no se avanza\u00bb, afirm\u00f3 la jefa comunal.<\/p>\n\n\n\n<p>Asimismo, se realiz\u00f3 la renovaci\u00f3n integral de la plaza Parque Lavin, un lugar de encuentro y recreaci\u00f3n hist\u00f3rico para la comunidad. All\u00ed se realiz\u00f3 la colocaci\u00f3n de mobiliario urbano, la instalaci\u00f3n de juegos nuevos y se restaur\u00f3 el m\u00e1stil. Tambi\u00e9n, se llevaron adelante los trabajos de parquizaci\u00f3n y forestaci\u00f3n, se pintaron dos murales y se coloc\u00f3 una placa homenaje en honor al primer vecino del barrio.<\/p>\n\n\n\n<p>Durante la inauguraci\u00f3n, tambi\u00e9n estuvieron presentes: la secretaria de Obras y Servicios P\u00fablicos, Mar\u00eda Gim\u00e9nez; la diputada provincial y vecina del barrio, Noelia Saavedra; y el Padre Leonardo Silio.<\/p>\n\n\n\n<p>Estas mejoras forman parte de una serie de proyectos impulsados y desarrollados por el Gobierno local, destinados a mejorar el distrito y la calidad de vida de las y los morenenses.<\/p>\n","protected":false},"excerpt":{"rendered":"<p>Mariel Fern\u00e1ndez intendenta de Moreno junto a vecinas y vecinos de la zona, inaugur\u00f3 las nuevas obras realizadas en la localidad de Moreno Sur. All\u00ed se asfaltaron 27 cuadras: \u00c1lvarez Tomas desde Juli\u00e1n \u00c1lvarez hasta San Nicol\u00e1s; San Nicol\u00e1s desde \u00c1lvarez Tomas hasta Beethoven; Santa Mar\u00eda de Oro desde Padre Fahy hasta San Carlos; Las [&hellip;]<\/p>\n","protected":false},"author":3,"featured_media":30223,"comment_status":"closed","ping_status":"closed","sticky":false,"template":"","format":"standard","meta":{"tdm_status":"","tdm_grid_status":"","footnotes":""},"categories":[604],"tags":[1237,744,1236,676],"class_list":{"0":"post-30221","1":"post","2":"type-post","3":"status-publish","4":"format-standard","5":"has-post-thumbnail","7":"category-sociedad-nacionales","8":"tag-inauguracion-2","9":"tag-intendenta","10":"tag-mariel-fernandez","11":"tag-obras"},"aioseo_notices":[],"_links":{"self":[{"href":"https:\/\/multinoticia.com\/index.php?rest_route=\/wp\/v2\/posts\/30221","targetHints":{"allow":["GET"]}}],"collection":[{"href":"https:\/\/multinoticia.com\/index.php?rest_route=\/wp\/v2\/posts"}],"about":[{"href":"https:\/\/multinoticia.com\/index.php?rest_route=\/wp\/v2\/types\/post"}],"author":[{"embeddable":true,"href":"https:\/\/multinoticia.com\/index.php?rest_route=\/wp\/v2\/users\/3"}],"replies":[{"embeddable":true,"href":"https:\/\/multinoticia.com\/index.php?rest_route=%2Fwp%2Fv2%2Fcomments&post=30221"}],"version-history":[{"count":1,"href":"https:\/\/multinoticia.com\/index.php?rest_route=\/wp\/v2\/posts\/30221\/revisions"}],"predecessor-version":[{"id":30224,"href":"https:\/\/multinoticia.com\/index.php?rest_route=\/wp\/v2\/posts\/30221\/revisions\/30224"}],"wp:featuredmedia":[{"embeddable":true,"href":"https:\/\/multinoticia.com\/index.php?rest_route=\/wp\/v2\/media\/30223"}],"wp:attachment":[{"href":"https:\/\/multinoticia.com\/index.php?rest_route=%2Fwp%2Fv2%2Fmedia&parent=30221"}],"wp:term":[{"taxonomy":"category","embeddable":true,"href":"https:\/\/multinoticia.com\/index.php?rest_route=%2Fwp%2Fv2%2Fcategories&post=30221"},{"taxonomy":"post_tag","embeddable":true,"href":"https:\/\/multinoticia.com\/index.php?rest_route=%2Fwp%2Fv2%2Ftags&post=30221"}],"curies":[{"name":"wp","href":"https:\/\/api.w.org\/{rel}","templated":true}]}}