{"id":30011,"date":"2024-04-25T13:09:16","date_gmt":"2024-04-25T16:09:16","guid":{"rendered":"https:\/\/multinoticia.com\/?p=30011"},"modified":"2024-04-25T13:09:37","modified_gmt":"2024-04-25T16:09:37","slug":"moreno-un-policia-murio-tras-un-choque","status":"publish","type":"post","link":"https:\/\/multinoticia.com\/?p=30011","title":{"rendered":"MORENO: UN POLIC\u00cdA MURI\u00d3 TRAS UN CHOQUE"},"content":{"rendered":"\n<p>Ocurri\u00f3 en Autopista del Oeste, el uniformado pertenec\u00eda a la Divisi\u00f3n Motorizada y custodiaba a otra ambulancia donde se encontraba su compa\u00f1era herida.<\/p>\n\n\n\n<p>Un efectivo de la Unidad T\u00e1ctica de Operaciones Inmediatas (UTOI) muri\u00f3 tras chocar con un ambulancia sobre Acceso Oeste. La victima hacia de custodia a otra ambulancia, la cual, trasladaba a su compa\u00f1era Florencia Herrera, que hab\u00eda sido herida de bala.<\/p>\n\n\n\n<p>El hecho ocurri\u00f3 este lunes a la altura del kilometro 33 de la autopista donde el vehicul\u00f3 hospitalario impacto a la motocicleta policial, causando la muerte de Gonzalo Fr\u00edas (25), quien permanec\u00eda como acompa\u00f1ante.<\/p>\n\n\n\n<p>Por parte de su compa\u00f1ero,&nbsp;<strong>Alejandro Cardozo (33),&nbsp;<\/strong><strong>sufri\u00f3 fracturas en una pierna y politraumatismos varios.&nbsp;<\/strong>Hasta el momento no se determin\u00f3 la raz\u00f3n del choque y el chofer de la ambulancia qued\u00f3&nbsp;<strong>imputado en una causa por homicidio culposo<\/strong>. &nbsp;<\/p>\n\n\n\n<p><strong>EL CASO DE LA POLIC\u00cdA BALEADA<\/strong><\/p>\n\n\n\n<p>La tragedia desencajo en medio del&nbsp;<strong>traslado de la oficial Florencia Herrera, la agente que fue baleada en la ingle el lunes pasado durante un tiroteo<\/strong>&nbsp;con un delincuente en Cuartel V. En medio de la detenci\u00f3n de un hombre por una discusi\u00f3n entre vecinos, este le sac\u00f3 su arma reglamentaria y dispar\u00f3 contra ella y otros compa\u00f1eros que participaron en la persecuci\u00f3n.<\/p>\n\n\n\n<p><strong>La polic\u00eda fue operada dos veces y derivada a la cl\u00ednica Fitz Roy, de capital federal, para continuar su tratamiento.&nbsp;<\/strong>En esa balacera&nbsp;<strong>fue abatido Julio C\u00e9sar Morales (35),<\/strong>&nbsp;un hombre con antecedentes penales y que estaba pr\u00f3fugo de la justicia acusado de un crimen en el marco de un ajuste de cuentas narco ocurrido en 2023.<\/p>\n","protected":false},"excerpt":{"rendered":"<p>Ocurri\u00f3 en Autopista del Oeste, el uniformado pertenec\u00eda a la Divisi\u00f3n Motorizada y custodiaba a otra ambulancia donde se encontraba su compa\u00f1era herida. Un efectivo de la Unidad T\u00e1ctica de Operaciones Inmediatas (UTOI) muri\u00f3 tras chocar con un ambulancia sobre Acceso Oeste. La victima hacia de custodia a otra ambulancia, la cual, trasladaba a su [&hellip;]<\/p>\n","protected":false},"author":3,"featured_media":30012,"comment_status":"closed","ping_status":"closed","sticky":false,"template":"","format":"standard","meta":{"tdm_status":"","tdm_grid_status":"","footnotes":""},"categories":[606],"tags":[1084,427,566,398],"class_list":{"0":"post-30011","1":"post","2":"type-post","3":"status-publish","4":"format-standard","5":"has-post-thumbnail","7":"category-policiales-nacionales","8":"tag-choque","9":"tag-moreno","10":"tag-muerte","11":"tag-policia"},"aioseo_notices":[],"_links":{"self":[{"href":"https:\/\/multinoticia.com\/index.php?rest_route=\/wp\/v2\/posts\/30011","targetHints":{"allow":["GET"]}}],"collection":[{"href":"https:\/\/multinoticia.com\/index.php?rest_route=\/wp\/v2\/posts"}],"about":[{"href":"https:\/\/multinoticia.com\/index.php?rest_route=\/wp\/v2\/types\/post"}],"author":[{"embeddable":true,"href":"https:\/\/multinoticia.com\/index.php?rest_route=\/wp\/v2\/users\/3"}],"replies":[{"embeddable":true,"href":"https:\/\/multinoticia.com\/index.php?rest_route=%2Fwp%2Fv2%2Fcomments&post=30011"}],"version-history":[{"count":2,"href":"https:\/\/multinoticia.com\/index.php?rest_route=\/wp\/v2\/posts\/30011\/revisions"}],"predecessor-version":[{"id":30014,"href":"https:\/\/multinoticia.com\/index.php?rest_route=\/wp\/v2\/posts\/30011\/revisions\/30014"}],"wp:featuredmedia":[{"embeddable":true,"href":"https:\/\/multinoticia.com\/index.php?rest_route=\/wp\/v2\/media\/30012"}],"wp:attachment":[{"href":"https:\/\/multinoticia.com\/index.php?rest_route=%2Fwp%2Fv2%2Fmedia&parent=30011"}],"wp:term":[{"taxonomy":"category","embeddable":true,"href":"https:\/\/multinoticia.com\/index.php?rest_route=%2Fwp%2Fv2%2Fcategories&post=30011"},{"taxonomy":"post_tag","embeddable":true,"href":"https:\/\/multinoticia.com\/index.php?rest_route=%2Fwp%2Fv2%2Ftags&post=30011"}],"curies":[{"name":"wp","href":"https:\/\/api.w.org\/{rel}","templated":true}]}}