{"id":29995,"date":"2024-04-19T11:16:44","date_gmt":"2024-04-19T14:16:44","guid":{"rendered":"https:\/\/multinoticia.com\/?p=29995"},"modified":"2024-04-19T11:16:45","modified_gmt":"2024-04-19T14:16:45","slug":"el-llamado-de-los-estudiantes-de-la-unm-por-una-educacion-sin-restricciones","status":"publish","type":"post","link":"https:\/\/multinoticia.com\/?p=29995","title":{"rendered":"EL LLAMADO DE LOS ESTUDIANTES DE LA UNM POR UNA EDUCACI\u00d3N SIN RESTRICCIONES"},"content":{"rendered":"\n<p>Los estudiantes de la Universidad Nacional de Moreno (UNM) han producido un video en solidaridad con las protestas de las universidades p\u00fablicas. En este video, destacan la importancia vital de estas instituciones en sus vidas y expresan preocupaci\u00f3n por los posibles cierres debido al congelamiento de presupuestos. Su objetivo es generar conciencia sobre la necesidad de proteger y apoyar la educaci\u00f3n superior.<\/p>\n\n\n\n<p>El video, creado por alumnos de la UNM, se suma a la movida estudiantil que est\u00e1 cobrando fuerza en todo el sistema universitario p\u00fablico argentino. En \u00e9l, los estudiantes no solo comparten sus preocupaciones sobre la situaci\u00f3n actual de las universidades, sino que tambi\u00e9n resaltan el valor fundamental que estas instituciones tienen en la formaci\u00f3n acad\u00e9mica, personal y profesional de los j\u00f3venes.<\/p>\n\n\n\n<p>La iniciativa surge en un momento crucial en el que las universidades p\u00fablicas enfrentan desaf\u00edos significativos, desde recortes presupuestarios hasta dificultades para acceder a recursos b\u00e1sicos. Los estudiantes, conscientes de estos desaf\u00edos, han decidido alzar su voz y utilizar el poder del audiovisual para difundir su mensaje y concientizar a la comunidad sobre la importancia de apoyar y defender la educaci\u00f3n superior p\u00fablica.<\/p>\n\n\n\n<p><video controls=\"\" src=\"https:\/\/merloconvos.com\/wp-content\/uploads\/2024\/04\/GB5OGhprzsQSstMCAPtb57ARR1ZYbmdjAAAF.mp4\"><\/video><\/p>\n\n\n\n<p>Desde la Universidad sostienen que el video no solo es una expresi\u00f3n de preocupaci\u00f3n, sino tambi\u00e9n un llamado a la acci\u00f3n. Adem\u00e1s, invita a la reflexi\u00f3n sobre el rol fundamental que desempe\u00f1an las universidades en la sociedad y la necesidad urgente de proteger y fortalecer estas instituciones para garantizar un futuro mejor para todos.<\/p>\n\n\n\n<p>Adem\u00e1s, los estudiantes de la UNM junto varias universidades de la Provincia de Buenos Aires confirmaron, mediante sus centros de estudiantes, la participaci\u00f3n en la marcha del 23 de abril. Todas las entidades llamaron a formar parte con ropa holgada y prendas de m\u00e1s, por si llega a haber represi\u00f3n por parte del Gobierno Nacional.<\/p>\n\n\n\n<p>Este compromiso con la educaci\u00f3n p\u00fablica se realiza con el objetivo de pedir m\u00e1s presupuesto, ya que el del 2023 no alcanza debido a la inflaci\u00f3n incesante que lleva adelante el Gobierno. Adem\u00e1s, la quita del FONID y de los subsidios puso en jaque todo el sistema universitario.<\/p>\n","protected":false},"excerpt":{"rendered":"<p>Los estudiantes de la Universidad Nacional de Moreno (UNM) han producido un video en solidaridad con las protestas de las universidades p\u00fablicas. En este video, destacan la importancia vital de estas instituciones en sus vidas y expresan preocupaci\u00f3n por los posibles cierres debido al congelamiento de presupuestos. Su objetivo es generar conciencia sobre la necesidad [&hellip;]<\/p>\n","protected":false},"author":3,"featured_media":29996,"comment_status":"closed","ping_status":"closed","sticky":false,"template":"","format":"standard","meta":{"tdm_status":"","tdm_grid_status":"","footnotes":""},"categories":[604],"tags":[303,51,427,113],"class_list":{"0":"post-29995","1":"post","2":"type-post","3":"status-publish","4":"format-standard","5":"has-post-thumbnail","7":"category-sociedad-nacionales","8":"tag-educacion","9":"tag-merlo","10":"tag-moreno","11":"tag-sociedad"},"aioseo_notices":[],"_links":{"self":[{"href":"https:\/\/multinoticia.com\/index.php?rest_route=\/wp\/v2\/posts\/29995","targetHints":{"allow":["GET"]}}],"collection":[{"href":"https:\/\/multinoticia.com\/index.php?rest_route=\/wp\/v2\/posts"}],"about":[{"href":"https:\/\/multinoticia.com\/index.php?rest_route=\/wp\/v2\/types\/post"}],"author":[{"embeddable":true,"href":"https:\/\/multinoticia.com\/index.php?rest_route=\/wp\/v2\/users\/3"}],"replies":[{"embeddable":true,"href":"https:\/\/multinoticia.com\/index.php?rest_route=%2Fwp%2Fv2%2Fcomments&post=29995"}],"version-history":[{"count":1,"href":"https:\/\/multinoticia.com\/index.php?rest_route=\/wp\/v2\/posts\/29995\/revisions"}],"predecessor-version":[{"id":29997,"href":"https:\/\/multinoticia.com\/index.php?rest_route=\/wp\/v2\/posts\/29995\/revisions\/29997"}],"wp:featuredmedia":[{"embeddable":true,"href":"https:\/\/multinoticia.com\/index.php?rest_route=\/wp\/v2\/media\/29996"}],"wp:attachment":[{"href":"https:\/\/multinoticia.com\/index.php?rest_route=%2Fwp%2Fv2%2Fmedia&parent=29995"}],"wp:term":[{"taxonomy":"category","embeddable":true,"href":"https:\/\/multinoticia.com\/index.php?rest_route=%2Fwp%2Fv2%2Fcategories&post=29995"},{"taxonomy":"post_tag","embeddable":true,"href":"https:\/\/multinoticia.com\/index.php?rest_route=%2Fwp%2Fv2%2Ftags&post=29995"}],"curies":[{"name":"wp","href":"https:\/\/api.w.org\/{rel}","templated":true}]}}