{"id":29576,"date":"2023-10-31T10:47:25","date_gmt":"2023-10-31T13:47:25","guid":{"rendered":"https:\/\/multinoticia.com\/?p=29576"},"modified":"2023-10-31T10:47:26","modified_gmt":"2023-10-31T13:47:26","slug":"massa-presentara-propuestas-economicas-ante-la-uia","status":"publish","type":"post","link":"https:\/\/multinoticia.com\/?p=29576","title":{"rendered":"MASSA PRESENTAR\u00c1 PROPUESTAS ECON\u00d3MICAS ANTE LA UIA"},"content":{"rendered":"\n<p><strong>Sergio Massa\u00a0<\/strong>presentar\u00e1 su proyecto econ\u00f3mico ante la\u00a0<strong>Uni\u00f3n Industrial Argentina\u00a0<\/strong>(UIA) en un encuentro a puertas cerradas, de cara al balotaje del pr\u00f3ximo 19 de noviembre.<\/p>\n\n\n\n<p>Se espera que el ministro llegue la sede ubicada en avenida de Mayo al 1100 en la ciudad de Buenos Aires alrededor del mediod\u00eda para abordar las propuestas de la UIA en el caso de que el resultado de las pr\u00f3ximas elecciones sean positivas para Massa.<\/p>\n\n\n\n<p>Seg\u00fan informan desde la organizaci\u00f3n empresarial, la intenci\u00f3n del encuentro es&nbsp;<strong>construir una agenda productiva, que incluya un plan a largo plazo para que la econom\u00eda crezca, y a la vez genere m\u00e1s empleo.<\/strong>&nbsp;Tambi\u00e9n se tratar\u00e1n los problemas en relaci\u00f3n al acceso a insumos y divisas para poder producir.<\/p>\n\n\n\n<p>Cabe destacar que,&nbsp;<strong>Javier Milei, candidato a presidente por La Libertad Avanza, tambi\u00e9n fue convocado y esperan confirmar su presencia en los pr\u00f3ximos d\u00edas.<\/strong><\/p>\n\n\n\n<h2 class=\"wp-block-heading\">C\u00daANDO SER\u00c1 EL DEBATE PARA EL BALOTAJE<\/h2>\n\n\n\n<p>Seg\u00fan el calendario de votaci\u00f3n 2023 que dio a conocer la C\u00e1mara Nacional Electoral (CNE) se estima que la fecha del debate presidencial entre los candidatos m\u00e1s votados de las elecciones generales, de cara a una segunda vuelta ser\u00e1 el domingo 12 de octubre en la Facultad de Derecho de la&nbsp;<strong>Universidad de Buenos Aires<\/strong>.<\/p>\n","protected":false},"excerpt":{"rendered":"<p>Sergio Massa\u00a0presentar\u00e1 su proyecto econ\u00f3mico ante la\u00a0Uni\u00f3n Industrial Argentina\u00a0(UIA) en un encuentro a puertas cerradas, de cara al balotaje del pr\u00f3ximo 19 de noviembre. Se espera que el ministro llegue la sede ubicada en avenida de Mayo al 1100 en la ciudad de Buenos Aires alrededor del mediod\u00eda para abordar las propuestas de la UIA [&hellip;]<\/p>\n","protected":false},"author":3,"featured_media":29577,"comment_status":"closed","ping_status":"closed","sticky":false,"template":"","format":"standard","meta":{"tdm_status":"","tdm_grid_status":"","footnotes":""},"categories":[605],"tags":[765,607,179,766],"class_list":{"0":"post-29576","1":"post","2":"type-post","3":"status-publish","4":"format-standard","5":"has-post-thumbnail","7":"category-economia-nacional","8":"tag-economicas","9":"tag-massa","10":"tag-politica","11":"tag-propuestas"},"aioseo_notices":[],"_links":{"self":[{"href":"https:\/\/multinoticia.com\/index.php?rest_route=\/wp\/v2\/posts\/29576","targetHints":{"allow":["GET"]}}],"collection":[{"href":"https:\/\/multinoticia.com\/index.php?rest_route=\/wp\/v2\/posts"}],"about":[{"href":"https:\/\/multinoticia.com\/index.php?rest_route=\/wp\/v2\/types\/post"}],"author":[{"embeddable":true,"href":"https:\/\/multinoticia.com\/index.php?rest_route=\/wp\/v2\/users\/3"}],"replies":[{"embeddable":true,"href":"https:\/\/multinoticia.com\/index.php?rest_route=%2Fwp%2Fv2%2Fcomments&post=29576"}],"version-history":[{"count":1,"href":"https:\/\/multinoticia.com\/index.php?rest_route=\/wp\/v2\/posts\/29576\/revisions"}],"predecessor-version":[{"id":29578,"href":"https:\/\/multinoticia.com\/index.php?rest_route=\/wp\/v2\/posts\/29576\/revisions\/29578"}],"wp:featuredmedia":[{"embeddable":true,"href":"https:\/\/multinoticia.com\/index.php?rest_route=\/wp\/v2\/media\/29577"}],"wp:attachment":[{"href":"https:\/\/multinoticia.com\/index.php?rest_route=%2Fwp%2Fv2%2Fmedia&parent=29576"}],"wp:term":[{"taxonomy":"category","embeddable":true,"href":"https:\/\/multinoticia.com\/index.php?rest_route=%2Fwp%2Fv2%2Fcategories&post=29576"},{"taxonomy":"post_tag","embeddable":true,"href":"https:\/\/multinoticia.com\/index.php?rest_route=%2Fwp%2Fv2%2Ftags&post=29576"}],"curies":[{"name":"wp","href":"https:\/\/api.w.org\/{rel}","templated":true}]}}