{"id":29554,"date":"2023-10-20T14:51:54","date_gmt":"2023-10-20T17:51:54","guid":{"rendered":"https:\/\/multinoticia.com\/?p=29554"},"modified":"2023-10-20T14:51:55","modified_gmt":"2023-10-20T17:51:55","slug":"andrea-vera-candidata-a-intendenta-que-ejercio-medicina-sin-recibirse","status":"publish","type":"post","link":"https:\/\/multinoticia.com\/?p=29554","title":{"rendered":"ANDREA VERA: CANDIDATA A INTENDENTA QUE EJERCI\u00d3 MEDICINA SIN RECIBIRSE"},"content":{"rendered":"\n<p><strong>Andrea Vera, candidata a intendenta de Moreno por La Libertad Avanza, est\u00e1 en el ojo de la tormenta: ejerci\u00f3 medicina, sin haberse recibido de m\u00e9dica.<\/strong><\/p>\n\n\n\n<p>Los \u00faltimos d\u00edas de campa\u00f1a en Moreno fueron muy caldeados: en las \u00faltimas dos semanas aparecieron carteles frente a la Universidad Nacional de ese partido que dec\u00edan \u201cPagate tu universidad, par\u00e1$ito\u201d, con un le\u00f3n abajo, en una clara alusi\u00f3n al partido de Javier Mieli, La Libertad Avanza. Adem\u00e1s, en los d\u00edas posteriores, hubo varias denuncias a la hija de Ram\u00f3n Vera por haber ejercido la medicina sin su matr\u00edcula.<\/p>\n\n\n\n<p>En estas \u00faltimas horas, la instituci\u00f3n en la que estudiaba Andrea Vera, la Universidad Austral, afirm\u00f3 que la candidata no termin\u00f3 de completar la cursada. Por ende, ejerci\u00f3 la medicina ilegalmente: no solo no ten\u00eda matr\u00edcula, sino que tampoco ten\u00eda el t\u00edtulo de doctora. Lo curioso, es que Vera realiz\u00f3 un festejo de recibida\u2026<\/p>\n\n\n\n<p>Lo cierto es que el Concejo Deliberante de Moreno, mediante el concejal de Uni\u00f3n por la Patria, Lucas Franco, realiz\u00f3 \u201cun pedido de informes\u201d para \u201cconocer la existencia de titulaci\u00f3n y de matr\u00edcula\u201d que demuestren la validez o no de las atenciones de la candidata libertaria. Cabe destacar que Vera realiz\u00f3 postas de salud para ganar votos, donde hiri\u00f3 el ligamento del brazo de una se\u00f1ora y, adem\u00e1s, le diagnostic\u00f3, err\u00f3neamente, un tumor a un ni\u00f1o.<\/p>\n\n\n\n<p>Por \u00faltimo, Andrea Vera se sum\u00f3 al partido de Javier Milei en los \u00faltimos a\u00f1os. En el 2019, su padre, Ram\u00f3n Vera, integr\u00f3 una de las listas que fue interna del Frente de Todos, donde se impuso Mariel Fern\u00e1ndez con una gran diferencia. Ahora, Ram\u00f3n integra el frente que encabeza Javier Milei, como diputado nacional; mientras tanto, su hija, buscar\u00e1 imponerse como la segunda fuerza en Moreno.<\/p>\n","protected":false},"excerpt":{"rendered":"<p>Andrea Vera, candidata a intendenta de Moreno por La Libertad Avanza, est\u00e1 en el ojo de la tormenta: ejerci\u00f3 medicina, sin haberse recibido de m\u00e9dica. Los \u00faltimos d\u00edas de campa\u00f1a en Moreno fueron muy caldeados: en las \u00faltimas dos semanas aparecieron carteles frente a la Universidad Nacional de ese partido que dec\u00edan \u201cPagate tu universidad, [&hellip;]<\/p>\n","protected":false},"author":3,"featured_media":29555,"comment_status":"closed","ping_status":"closed","sticky":false,"template":"","format":"standard","meta":{"tdm_status":"","tdm_grid_status":"","footnotes":""},"categories":[604],"tags":[743,744,745],"class_list":{"0":"post-29554","1":"post","2":"type-post","3":"status-publish","4":"format-standard","5":"has-post-thumbnail","7":"category-sociedad-nacionales","8":"tag-andrea-vera","9":"tag-intendenta","10":"tag-medicina"},"aioseo_notices":[],"_links":{"self":[{"href":"https:\/\/multinoticia.com\/index.php?rest_route=\/wp\/v2\/posts\/29554","targetHints":{"allow":["GET"]}}],"collection":[{"href":"https:\/\/multinoticia.com\/index.php?rest_route=\/wp\/v2\/posts"}],"about":[{"href":"https:\/\/multinoticia.com\/index.php?rest_route=\/wp\/v2\/types\/post"}],"author":[{"embeddable":true,"href":"https:\/\/multinoticia.com\/index.php?rest_route=\/wp\/v2\/users\/3"}],"replies":[{"embeddable":true,"href":"https:\/\/multinoticia.com\/index.php?rest_route=%2Fwp%2Fv2%2Fcomments&post=29554"}],"version-history":[{"count":1,"href":"https:\/\/multinoticia.com\/index.php?rest_route=\/wp\/v2\/posts\/29554\/revisions"}],"predecessor-version":[{"id":29556,"href":"https:\/\/multinoticia.com\/index.php?rest_route=\/wp\/v2\/posts\/29554\/revisions\/29556"}],"wp:featuredmedia":[{"embeddable":true,"href":"https:\/\/multinoticia.com\/index.php?rest_route=\/wp\/v2\/media\/29555"}],"wp:attachment":[{"href":"https:\/\/multinoticia.com\/index.php?rest_route=%2Fwp%2Fv2%2Fmedia&parent=29554"}],"wp:term":[{"taxonomy":"category","embeddable":true,"href":"https:\/\/multinoticia.com\/index.php?rest_route=%2Fwp%2Fv2%2Fcategories&post=29554"},{"taxonomy":"post_tag","embeddable":true,"href":"https:\/\/multinoticia.com\/index.php?rest_route=%2Fwp%2Fv2%2Ftags&post=29554"}],"curies":[{"name":"wp","href":"https:\/\/api.w.org\/{rel}","templated":true}]}}